{"id":1052,"date":"2020-10-16T17:01:41","date_gmt":"2020-10-16T17:01:41","guid":{"rendered":"https:\/\/dev.aspertic.org\/?p=1052"},"modified":"2023-01-17T10:03:41","modified_gmt":"2023-01-17T10:03:41","slug":"i-responsabilidad-del-juez-juzgador-por-blanqueo-de-capitales","status":"publish","type":"post","link":"https:\/\/aspertic.org\/ca\/2020\/10\/16\/i-responsabilidad-del-juez-juzgador-por-blanqueo-de-capitales\/","title":{"rendered":"I. Responsabilidad del Juez Juzgador por blanqueo de capitales"},"content":{"rendered":"\t\t<div data-elementor-type=\"wp-post\" data-elementor-id=\"1052\" class=\"elementor elementor-1052\" data-elementor-post-type=\"post\">\n\t\t\t\t\t\t<section class=\"elementor-section elementor-top-section elementor-element elementor-element-2a4c7315 elementor-section-boxed elementor-section-height-default elementor-section-height-default\" data-id=\"2a4c7315\" data-element_type=\"section\" data-e-type=\"section\">\n\t\t\t\t\t\t<div class=\"elementor-container elementor-column-gap-default\">\n\t\t\t\t\t<div class=\"elementor-column elementor-col-100 elementor-top-column elementor-element elementor-element-3286ca16\" data-id=\"3286ca16\" data-element_type=\"column\" data-e-type=\"column\">\n\t\t\t<div class=\"elementor-widget-wrap elementor-element-populated\">\n\t\t\t\t\t\t<div class=\"elementor-element elementor-element-47af1933 elementor-widget elementor-widget-text-editor\" data-id=\"47af1933\" data-element_type=\"widget\" data-e-type=\"widget\" data-widget_type=\"text-editor.default\">\n\t\t\t\t<div class=\"elementor-widget-container\">\n\t\t\t\t\t\t\t\t\t<p>El objetivo del presente dictamen es definir el encaje en el derecho de la Uni\u00f3n de una cuesti\u00f3n prejudicial para sustraer de la jurisdicci\u00f3n espa\u00f1ola parte de la decisi\u00f3n de la querella a presentar por parte de Jose Mar\u00eda Castillejo.<\/p><p>La querella argumenta que un juez o magistrado, o varios, pueden cometer un delito de blanqueo de capitales al decidir en el marco de su funci\u00f3n jurisdiccional. As\u00ed pues, la cuesti\u00f3n prejudicial versar\u00e1 sobre si, de acuerdo con la normativa de la Uni\u00f3n Europea, debe interpretarse el art\u00edculo 301 de la Ley Org\u00e1nica 10\/1995, de 23 de noviembre, del C\u00f3digo Penal (\u201cC\u00f3digo Penal\u201d), de manera que englobe este supuesto.<\/p><p><\/p>\t\t\t\t\t\t\t\t<\/div>\n\t\t\t\t<\/div>\n\t\t\t\t\t<\/div>\n\t\t<\/div>\n\t\t\t\t\t<\/div>\n\t\t<\/section>\n\t\t\t\t<\/div>\n\t\t","protected":false},"excerpt":{"rendered":"<p>El objetivo del presente dictamen es definir el encaje en el derecho de la Uni\u00f3n de una cuesti\u00f3n prejudicial para sustraer de la jurisdicci\u00f3n espa\u00f1ola parte de la decisi\u00f3n de la querella a presentar por parte de Jose Mar\u00eda Castillejo. La querella argumenta que un juez o magistrado, o varios, pueden cometer un delito de [&hellip;]<\/p>\n","protected":false},"author":3,"featured_media":770,"comment_status":"closed","ping_status":"closed","sticky":false,"template":"","format":"standard","meta":{"_jetpack_memberships_contains_paid_content":false,"footnotes":""},"categories":[1],"tags":[],"class_list":["post-1052","post","type-post","status-publish","format-standard","has-post-thumbnail","hentry","category-uncategorized"],"jetpack_featured_media_url":"https:\/\/aspertic.org\/wp-content\/uploads\/sites\/12\/2022\/10\/IMG_20181017_125054-300x150-1.jpg","jetpack_sharing_enabled":true,"_links":{"self":[{"href":"https:\/\/aspertic.org\/ca\/wp-json\/wp\/v2\/posts\/1052","targetHints":{"allow":["GET"]}}],"collection":[{"href":"https:\/\/aspertic.org\/ca\/wp-json\/wp\/v2\/posts"}],"about":[{"href":"https:\/\/aspertic.org\/ca\/wp-json\/wp\/v2\/types\/post"}],"author":[{"embeddable":true,"href":"https:\/\/aspertic.org\/ca\/wp-json\/wp\/v2\/users\/3"}],"replies":[{"embeddable":true,"href":"https:\/\/aspertic.org\/ca\/wp-json\/wp\/v2\/comments?post=1052"}],"version-history":[{"count":8,"href":"https:\/\/aspertic.org\/ca\/wp-json\/wp\/v2\/posts\/1052\/revisions"}],"predecessor-version":[{"id":2479,"href":"https:\/\/aspertic.org\/ca\/wp-json\/wp\/v2\/posts\/1052\/revisions\/2479"}],"wp:featuredmedia":[{"embeddable":true,"href":"https:\/\/aspertic.org\/ca\/wp-json\/wp\/v2\/media\/770"}],"wp:attachment":[{"href":"https:\/\/aspertic.org\/ca\/wp-json\/wp\/v2\/media?parent=1052"}],"wp:term":[{"taxonomy":"category","embeddable":true,"href":"https:\/\/aspertic.org\/ca\/wp-json\/wp\/v2\/categories?post=1052"},{"taxonomy":"post_tag","embeddable":true,"href":"https:\/\/aspertic.org\/ca\/wp-json\/wp\/v2\/tags?post=1052"}],"curies":[{"name":"wp","href":"https:\/\/api.w.org\/{rel}","templated":true}]}}