{"id":870,"date":"2020-10-12T10:27:18","date_gmt":"2020-10-12T10:27:18","guid":{"rendered":"https:\/\/dev.aspertic.org\/?p=870"},"modified":"2023-01-09T10:21:44","modified_gmt":"2023-01-09T10:21:44","slug":"9-the-european-public-prosecutor-the-power-of-attorney-stagnation-against-renewal","status":"publish","type":"post","link":"https:\/\/aspertic.org\/ca\/2020\/10\/12\/9-the-european-public-prosecutor-the-power-of-attorney-stagnation-against-renewal\/","title":{"rendered":"9. El Fiscal Europeu. La Facultat de l&#8217;Avocaci\u00f3. Immobilisme contra Renovaci\u00f3"},"content":{"rendered":"<p><\/p>\n<div style=\"text-align: justify; font-family: Arial,sans-serif; font-size: 16px;\">\n<p><strong>CONCLUSIONES DEL DICTAMEN: El Fiscal Europeo. La Avocaci\u00f3n. Inmovilismo contra renovaci\u00f3n. El dictamen trata de las nuevas y novedosas herramientas de las que dispone. La Fiscal\u00eda Europea, como puede ser la Avocaci\u00f3n, es decir, el poder detener la instrucci\u00f3n en un estado, para continuar el procedimiento en otro.<\/strong><\/p>\n<p><strong>PRIMERA.-<\/strong> En un Reglamento Europeo como el analizado, nos encontramos con la sorpresa por la desmesurada atenci\u00f3n que se presta a un aspecto adjetivo, como es la protecci\u00f3n de datos de car\u00e1cter personal, que ocupa aproximadamente un tercio del texto del Reglamento y que regula, de nuevo como tendr\u00e1n los datos de car\u00e1cter personal de ser tratados por las Administraciones P\u00fablicas.<\/p>\n<p><strong>SEGUNDA.-<\/strong> En esta JURISDICCI\u00d3N \u00daNICA que establecen las \u00faltimas normas de la UNI\u00d3N, se establece una acci\u00f3n de ADVOCACI\u00d3N para la Fiscal\u00eda Europea y las Instituciones de la Uni\u00f3n, coherente con los principios de prevalencia y primac\u00eda, al que habr\u00edamos de sumar el de JERARQU\u00cdA<\/p>\n<p><strong>TERCERA.-<\/strong> Debe cambiarse absolutamente la norma rituaria penal, ya que la existencia de un juez director de la investigaci\u00f3n es dif\u00edcilmente compatible con algunos principios b\u00e1sicos de la Fiscal\u00eda Europea, empezando por su propia definici\u00f3n, contenida en el art. 4 del Reglamento, y que afirma que la Fiscal\u00eda Europea es la \u201cresponsable de investigar los delitos que perjudiquen a los intereses financieros de la Uni\u00f3n (\u2026). A tal fin, la Fiscal\u00eda Europea efectuar\u00e1 las investigaciones (\u2026)\u201d. En la misma l\u00ednea, el considerando n.\u00ba 58 del Reglamento atribuye a la Fiscal\u00eda Europea la misi\u00f3n de \u201corientar y garantizar la coherencia de las investigaciones (\u2026) a escala de la Uni\u00f3n\u201d, algo que se repite en varios art\u00edculos del Reglamento y que la Fiscal\u00eda Europea dif\u00edcilmente podr\u00e1 hacer si no es el \u00f3rgano titular de la investigaci\u00f3n. Y el art. 13.1 del Reglamento reitera en su p\u00e1rrafo segundo que \u201clos Fiscales Europeos Delegados ser\u00e1n responsables de aquellas investigaciones y acciones penales que hayan emprendido, que se les hayan asignado o que hayan asumido haciendo uso de su derecho de avocaci\u00f3n\u201d.<\/p>\n<p><strong>CUARTA.-<\/strong> Que a la Fiscal\u00eda Europea se le otorga JERARQU\u00cdA suficiente, como para dar \u00f3rdenes directas a las polic\u00edas y fiscal\u00edas de los estados y que estas est\u00e9n a sus \u00f3rdenes.<\/p>\n<p><strong>QUINTA.-<\/strong> Existe una expresa menci\u00f3n del art. 17.2 del Reglamento, que prev\u00e9 que los Fiscales Europeos Delegados, desde el momento de su nombramiento y hasta su destituci\u00f3n, puedan ser miembros de la judicatura de los correspondientes Estados miembros, siendo una alusi\u00f3n a que los jueces de instrucci\u00f3n puedan convertirse en Fiscales Europeos Delegados, y por su conocimiento, JUECES DE GARANT\u00cdAS cuando no act\u00faen como Fiscales Europeos Delegados.<\/p>\n<p><strong>SEXTA.-<\/strong> Que en virtud de esos principios de Prevalencia Primac\u00eda y Jerarqu\u00eda, el art. 5.3, establece: \u201cLas investigaciones y las acusaciones en nombre de la Fiscal\u00eda Europea se regir\u00e1n por el presente Reglamento. La legislaci\u00f3n nacional se aplicar\u00e1 a las cuestiones que no est\u00e9n reguladas por el presente Reglamento. (\u2026) Cuando una cuesti\u00f3n est\u00e9 regulada tanto por la legislaci\u00f3n nacional como por el presente Reglamento, prevalecer\u00e1 este \u00faltimo\u201d.<\/p>\n<p><strong>S\u00c9PTIMA.-<\/strong> El Fiscal Europeo Delegado espa\u00f1ol se encargar\u00e1 de toda la investigaci\u00f3n (incluso de dirigir a la Polic\u00eda), y recurrir\u00e1 al \u00f3rgano judicial competente, que actuar\u00eda a modo de juez de garant\u00edas, para solicitar la autorizaci\u00f3n judicial para la pr\u00e1ctica de aquellas medidas que requieren esa autorizaci\u00f3n por afectar a derechos fundamentales o la requieren por disposici\u00f3n de la Ley de Enjuiciamiento Criminal.<\/p>\n<\/div>\n<p><\/p>","protected":false},"excerpt":{"rendered":"<p>CONCLUSIONES DEL DICTAMEN: El Fiscal Europeo. La Avocaci\u00f3n. Inmovilismo contra renovaci\u00f3n. El dictamen trata de las nuevas y novedosas herramientas de las que dispone. La Fiscal\u00eda Europea, como puede ser la Avocaci\u00f3n, es decir, el poder detener la instrucci\u00f3n en un estado, para continuar el procedimiento en otro. PRIMERA.- En un Reglamento Europeo como el [&hellip;]<\/p>\n","protected":false},"author":3,"featured_media":1159,"comment_status":"closed","ping_status":"closed","sticky":false,"template":"","format":"standard","meta":{"_jetpack_memberships_contains_paid_content":false,"footnotes":""},"categories":[1],"tags":[],"class_list":["post-870","post","type-post","status-publish","format-standard","has-post-thumbnail","hentry","category-uncategorized"],"jetpack_featured_media_url":"https:\/\/aspertic.org\/wp-content\/uploads\/sites\/12\/2022\/11\/derechoeu.png","jetpack_sharing_enabled":true,"_links":{"self":[{"href":"https:\/\/aspertic.org\/ca\/wp-json\/wp\/v2\/posts\/870","targetHints":{"allow":["GET"]}}],"collection":[{"href":"https:\/\/aspertic.org\/ca\/wp-json\/wp\/v2\/posts"}],"about":[{"href":"https:\/\/aspertic.org\/ca\/wp-json\/wp\/v2\/types\/post"}],"author":[{"embeddable":true,"href":"https:\/\/aspertic.org\/ca\/wp-json\/wp\/v2\/users\/3"}],"replies":[{"embeddable":true,"href":"https:\/\/aspertic.org\/ca\/wp-json\/wp\/v2\/comments?post=870"}],"version-history":[{"count":4,"href":"https:\/\/aspertic.org\/ca\/wp-json\/wp\/v2\/posts\/870\/revisions"}],"predecessor-version":[{"id":1915,"href":"https:\/\/aspertic.org\/ca\/wp-json\/wp\/v2\/posts\/870\/revisions\/1915"}],"wp:featuredmedia":[{"embeddable":true,"href":"https:\/\/aspertic.org\/ca\/wp-json\/wp\/v2\/media\/1159"}],"wp:attachment":[{"href":"https:\/\/aspertic.org\/ca\/wp-json\/wp\/v2\/media?parent=870"}],"wp:term":[{"taxonomy":"category","embeddable":true,"href":"https:\/\/aspertic.org\/ca\/wp-json\/wp\/v2\/categories?post=870"},{"taxonomy":"post_tag","embeddable":true,"href":"https:\/\/aspertic.org\/ca\/wp-json\/wp\/v2\/tags?post=870"}],"curies":[{"name":"wp","href":"https:\/\/api.w.org\/{rel}","templated":true}]}}