{"id":872,"date":"2020-10-12T10:30:51","date_gmt":"2020-10-12T10:30:51","guid":{"rendered":"https:\/\/dev.aspertic.org\/?p=872"},"modified":"2023-01-09T10:21:11","modified_gmt":"2023-01-09T10:21:11","slug":"10-telecommunications-and-data-regulation-changes-imposed-by-directive-eu-2019-1937","status":"publish","type":"post","link":"https:\/\/aspertic.org\/ca\/2020\/10\/12\/10-telecommunications-and-data-regulation-changes-imposed-by-directive-eu-2019-1937\/","title":{"rendered":"10. Telecomunicacions i normativa de dades, modificacions imposades per la Directiva (UE) 2019\/1937"},"content":{"rendered":"<p><\/p>\n<div style=\"text-align: justify; font-family: Arial,sans-serif; font-size: 16px;\">\n<p><strong>CONCLUSIONES DEL DICTAMEN: Telecomunicaciones y normativa de datos, modificaciones impuestas por la Directiva (UE) 2019\/1937. Se estudia las modificaciones que sobre la normativa europea de la tecnolog\u00eda y los datos trae la Directiva.<\/strong><\/p>\n<p><strong>PRIMERA.-<\/strong> Todos los datos son libres y son una aportaci\u00f3n al mercado \u00fanico; incluso algunos de ellos tienen la obligaci\u00f3n de estar a disposici\u00f3n de todos. S\u00f3lo una parte de ellos tendr\u00e1n la categor\u00eda de datos de car\u00e1cter personal, que tendr\u00e1n una regulaci\u00f3n de un nivel superior, la de su Reglamento.<\/p>\n<p><strong>SEGUNDA.-<\/strong> En junio de 2017 la UE reforz\u00f3 su respuesta estableciendo un marco para una respuesta diplom\u00e1tica conjunta de la UE a las actividades inform\u00e1ticas malintencionadas, el denominado \u00abconjunto de instrumentos de ciberdiplomacia\u00bb y ya los ha aplicado contra empresas y personas han agredido a la Uni\u00f3n.<\/p>\n<p><strong>TERCERA.-<\/strong> Los operadores de servicios esenciales y los proveedores de servicios digitales tienen la obligaci\u00f3n de resolver los incidentes de seguridad que les afecten, as\u00ed como la obligaci\u00f3n de solicitar ayuda especializada, incluida la del CSIRT de referencia, cuando no puedan resolver por s\u00ed mismos los incidentes.<\/p>\n<p><strong>CUARTA.-<\/strong> En telecomunicaciones y datos la influencia de la Directiva 2019\/1937 va mucho m\u00e1s all\u00e1 de lo que los legisladores nacionales nunca pudieron sospechar. La voluntad de control por parte del ciudadano de sus instituciones, toma carta de naturaleza, junto con la protecci\u00f3n del mismo.<\/p>\n<p><strong>QUINTA.-<\/strong> El Reglamento Europeo de Datos no Personales parte la idea de que solo sean datos personales aquellos que no pueden ser otra cosa. El dato o tratamiento que lleve ambos tipos de datos o que el dato tenga las dos caracter\u00edsticas deber\u00e1 ser tratado previamente antes de ser catalogado como dato de car\u00e1cter personal.<\/p>\n<p><strong>SEXTA.-<\/strong> El Reglamento Europeo de Datos no Personales tiene entre sus objetivos mejorar la competencia entre los proveedores de servicios en la nube de la Uni\u00f3n Europea y flexibilizar el mercado de datos y liberalizar de los datos no personales estableciendo un marco de actuaci\u00f3n \u00fanico que se sit\u00faa por encima de las legislaciones nacionales.<\/p>\n<p><strong>S\u00c9PTIMA.-<\/strong> En caso de tratarse de un dato personal de car\u00e1cter policial, adem\u00e1s deber\u00e1 cumplirse la DIRECTIVA (UE) 2016\/680 DEL PARLAMENTO EUROPEO Y DEL CONSEJO de 27 de abril de 2016 relativa a la protecci\u00f3n de las personas f\u00edsicas en lo que respecta al tratamiento de datos personales por parte de las autoridades competentes para fines de prevenci\u00f3n, investigaci\u00f3n, detecci\u00f3n o enjuiciamiento de infracciones penales o de ejecuci\u00f3n de sanciones penales, y a la libre circulaci\u00f3n de dichos datos.<\/p>\n<\/div>\n<p><\/p>","protected":false},"excerpt":{"rendered":"<p>CONCLUSIONES DEL DICTAMEN: Telecomunicaciones y normativa de datos, modificaciones impuestas por la Directiva (UE) 2019\/1937. Se estudia las modificaciones que sobre la normativa europea de la tecnolog\u00eda y los datos trae la Directiva. PRIMERA.- Todos los datos son libres y son una aportaci\u00f3n al mercado \u00fanico; incluso algunos de ellos tienen la obligaci\u00f3n de estar [&hellip;]<\/p>\n","protected":false},"author":3,"featured_media":1158,"comment_status":"closed","ping_status":"closed","sticky":false,"template":"","format":"standard","meta":{"_jetpack_memberships_contains_paid_content":false,"footnotes":""},"categories":[1],"tags":[],"class_list":["post-872","post","type-post","status-publish","format-standard","has-post-thumbnail","hentry","category-uncategorized"],"jetpack_featured_media_url":"https:\/\/aspertic.org\/wp-content\/uploads\/sites\/12\/2022\/11\/gdpr-3285252_640.jpg","jetpack_sharing_enabled":true,"_links":{"self":[{"href":"https:\/\/aspertic.org\/ca\/wp-json\/wp\/v2\/posts\/872","targetHints":{"allow":["GET"]}}],"collection":[{"href":"https:\/\/aspertic.org\/ca\/wp-json\/wp\/v2\/posts"}],"about":[{"href":"https:\/\/aspertic.org\/ca\/wp-json\/wp\/v2\/types\/post"}],"author":[{"embeddable":true,"href":"https:\/\/aspertic.org\/ca\/wp-json\/wp\/v2\/users\/3"}],"replies":[{"embeddable":true,"href":"https:\/\/aspertic.org\/ca\/wp-json\/wp\/v2\/comments?post=872"}],"version-history":[{"count":4,"href":"https:\/\/aspertic.org\/ca\/wp-json\/wp\/v2\/posts\/872\/revisions"}],"predecessor-version":[{"id":1914,"href":"https:\/\/aspertic.org\/ca\/wp-json\/wp\/v2\/posts\/872\/revisions\/1914"}],"wp:featuredmedia":[{"embeddable":true,"href":"https:\/\/aspertic.org\/ca\/wp-json\/wp\/v2\/media\/1158"}],"wp:attachment":[{"href":"https:\/\/aspertic.org\/ca\/wp-json\/wp\/v2\/media?parent=872"}],"wp:term":[{"taxonomy":"category","embeddable":true,"href":"https:\/\/aspertic.org\/ca\/wp-json\/wp\/v2\/categories?post=872"},{"taxonomy":"post_tag","embeddable":true,"href":"https:\/\/aspertic.org\/ca\/wp-json\/wp\/v2\/tags?post=872"}],"curies":[{"name":"wp","href":"https:\/\/api.w.org\/{rel}","templated":true}]}}